
{"id":192,"date":"2018-03-10T14:36:41","date_gmt":"2018-03-10T13:36:41","guid":{"rendered":"http:\/\/home.uia.no\/charliek\/?p=192"},"modified":"2018-05-10T23:10:26","modified_gmt":"2018-05-10T22:10:26","slug":"kaephest-i-bagklog-pa-p1-med-christian-tafdrup","status":"publish","type":"post","link":"https:\/\/home.uia.no\/charliek\/kaephest-i-bagklog-pa-p1-med-christian-tafdrup\/","title":{"rendered":"K\u00e6phest i Bagklog p\u00e5 P1"},"content":{"rendered":"<p><img loading=\"lazy\" decoding=\"async\" class=\"alignnone size-full wp-image-205\" src=\"http:\/\/home.uia.no\/charliek\/files\/2018\/03\/Sk\u00e6rmbillede-2018-05-10-kl.-16.04.08.jpg\" alt=\"\" width=\"2029\" height=\"1242\" srcset=\"https:\/\/home.uia.no\/charliek\/files\/2018\/03\/Sk\u00e6rmbillede-2018-05-10-kl.-16.04.08.jpg 2029w, https:\/\/home.uia.no\/charliek\/files\/2018\/03\/Sk\u00e6rmbillede-2018-05-10-kl.-16.04.08-300x184.jpg 300w, https:\/\/home.uia.no\/charliek\/files\/2018\/03\/Sk\u00e6rmbillede-2018-05-10-kl.-16.04.08-768x470.jpg 768w, https:\/\/home.uia.no\/charliek\/files\/2018\/03\/Sk\u00e6rmbillede-2018-05-10-kl.-16.04.08-1024x627.jpg 1024w, https:\/\/home.uia.no\/charliek\/files\/2018\/03\/Sk\u00e6rmbillede-2018-05-10-kl.-16.04.08-400x245.jpg 400w\" sizes=\"(max-width: 767px) 89vw, (max-width: 1000px) 54vw, (max-width: 1071px) 543px, 580px\" \/><\/p>\n<p>I forl\u00e6ngelse af min <a href=\"https:\/\/www.information.dk\/debat\/2018\/02\/identitaere-umoderne-1945-ogsaa-umoderne-dag-pressen-bare-opdaget?lst_mst\">kronik i Information<\/a> om mediernes behandlings af den neofascistiske organisation Identit\u00e6r medvirkede jeg 10. marts i radioprogrammet Bagklog p\u00e5 P1 p\u00e5 Danmarks Radio.<!--more--><\/p>\n<p>Ugens g\u00e6st i programmet var filminstrukt\u00f8r og skuespiller Christian Tafdrup, og han havde i et fast indslag som sin &laquo;k\u00e6phest&raquo; valgt at snakke med mig om Identit\u00e6r p\u00e5 baggrund af min kronik. Det kom der en rigtig god snak ud af, og hele <a href=\"https:\/\/www.dr.dk\/radio\/p1\/bagklog-pa-p1\/bagklog-pa-p1-christian-tafdrup#!01:34:37\">indslaget<\/a> kan h\u00f8res her.<\/p>\n<p><iframe loading=\"lazy\" title=\"P1 Bagkog 100318 Charlie Krautwald I Samtale Med Christian Tafdrup Om Bev\u00e6gelsen Identit\u00e6r\" width=\"100%\" height=\"120\" src=\"https:\/\/www.mixcloud.com\/widget\/iframe\/?feed=https%3A%2F%2Fwww.mixcloud.com%2Fallan-krautwald%2Fp1-bagkog-100318-charlie-krautwald-i-samtale-med-christian-tafdrup-om-bev%25C3%25A6gelsen-identit%25C3%25A6r%2F&amp;hide_cover=1\" frameborder=\"0\"><\/iframe><\/p>\n","protected":false},"excerpt":{"rendered":"<p>I forl\u00e6ngelse af min kronik i Information om mediernes behandlings af den neofascistiske organisation Identit\u00e6r medvirkede jeg 10. marts i radioprogrammet Bagklog p\u00e5 P1 p\u00e5 Danmarks Radio.<\/p>\n","protected":false},"author":1325,"featured_media":0,"comment_status":"closed","ping_status":"closed","sticky":false,"template":"","format":"audio","meta":{"_exactmetrics_skip_tracking":false,"_exactmetrics_sitenote_active":false,"_exactmetrics_sitenote_note":"","_exactmetrics_sitenote_category":0,"footnotes":""},"categories":[1,70],"tags":[35,33,41,39,31,37],"_links":{"self":[{"href":"https:\/\/home.uia.no\/charliek\/wp-json\/wp\/v2\/posts\/192"}],"collection":[{"href":"https:\/\/home.uia.no\/charliek\/wp-json\/wp\/v2\/posts"}],"about":[{"href":"https:\/\/home.uia.no\/charliek\/wp-json\/wp\/v2\/types\/post"}],"author":[{"embeddable":true,"href":"https:\/\/home.uia.no\/charliek\/wp-json\/wp\/v2\/users\/1325"}],"replies":[{"embeddable":true,"href":"https:\/\/home.uia.no\/charliek\/wp-json\/wp\/v2\/comments?post=192"}],"version-history":[{"count":6,"href":"https:\/\/home.uia.no\/charliek\/wp-json\/wp\/v2\/posts\/192\/revisions"}],"predecessor-version":[{"id":312,"href":"https:\/\/home.uia.no\/charliek\/wp-json\/wp\/v2\/posts\/192\/revisions\/312"}],"wp:attachment":[{"href":"https:\/\/home.uia.no\/charliek\/wp-json\/wp\/v2\/media?parent=192"}],"wp:term":[{"taxonomy":"category","embeddable":true,"href":"https:\/\/home.uia.no\/charliek\/wp-json\/wp\/v2\/categories?post=192"},{"taxonomy":"post_tag","embeddable":true,"href":"https:\/\/home.uia.no\/charliek\/wp-json\/wp\/v2\/tags?post=192"}],"curies":[{"name":"wp","href":"https:\/\/api.w.org\/{rel}","templated":true}]}}