
{"id":215,"date":"2017-10-22T17:10:51","date_gmt":"2017-10-22T16:10:51","guid":{"rendered":"http:\/\/home.uia.no\/charliek\/?p=215"},"modified":"2018-05-10T23:12:04","modified_gmt":"2018-05-10T22:12:04","slug":"agderseminaret-2017","status":"publish","type":"post","link":"https:\/\/home.uia.no\/charliek\/agderseminaret-2017\/","title":{"rendered":"Agderseminaret 2017"},"content":{"rendered":"<p><img loading=\"lazy\" decoding=\"async\" class=\"alignnone wp-image-224\" src=\"http:\/\/home.uia.no\/charliek\/files\/2018\/05\/agderseminaret-2017-program-1-1-1500_fullwidth.jpg\" alt=\"\" width=\"650\" height=\"650\" srcset=\"https:\/\/home.uia.no\/charliek\/files\/2018\/05\/agderseminaret-2017-program-1-1-1500_fullwidth.jpg 940w, https:\/\/home.uia.no\/charliek\/files\/2018\/05\/agderseminaret-2017-program-1-1-1500_fullwidth-150x150.jpg 150w, https:\/\/home.uia.no\/charliek\/files\/2018\/05\/agderseminaret-2017-program-1-1-1500_fullwidth-300x300.jpg 300w, https:\/\/home.uia.no\/charliek\/files\/2018\/05\/agderseminaret-2017-program-1-1-1500_fullwidth-768x768.jpg 768w, https:\/\/home.uia.no\/charliek\/files\/2018\/05\/agderseminaret-2017-program-1-1-1500_fullwidth-50x50.jpg 50w, https:\/\/home.uia.no\/charliek\/files\/2018\/05\/agderseminaret-2017-program-1-1-1500_fullwidth-400x400.jpg 400w, https:\/\/home.uia.no\/charliek\/files\/2018\/05\/agderseminaret-2017-program-1-1-1500_fullwidth-100x100.jpg 100w\" sizes=\"(max-width: 650px) 100vw, 650px\" \/><\/p>\n<p>Hvert \u00e5r i oktober arrangerer historikermilj\u00f8et ved Universitetet i Agder sammen med\u00a0 Forskernettverk Agder et regionalt, faghistorisk seminar. Id\u00e9en til <a href=\"http:\/\/www.kubenarendal.no\/forskning\/agderseminarene\/\">Agderseminaret<\/a> er, at Agder-fylkernes historie gennem aktuelle faglige perspektiver skal s\u00e6ttes ind i en st\u00f8rre national og international sammenh\u00e6ng.<!--more--><\/p>\n<p>\u00c5rets seminar blev afholdt 21. og 22. oktober p\u00e5 kulturhuset KUBEN i Arendal under temaet &laquo;Oppr\u00f8r og opposisjon under enevelde og demokrati&raquo;. I den forbindelse var jeg inviteret mig til at holde et foredrag p\u00e5 baggrund af mit ph.d.-projekt.<\/p>\n<p>Arrang\u00f8rerne havde samlet et st\u00e6rkt hold af foredragsholdere, der fortalte om opr\u00f8rsbev\u00e6gelser og politisk opposition i Norge fra begyndelsen af 1700-tallet og frem til i dag.<\/p>\n<p>Dag et var det is\u00e6r den politiske kultur i tidlig moderne tid under enev\u00e6lden samt 1800-tallets oppositionelle politiske str\u00f8mninger der blev behandlet. Bl.a. gennem inspirerende opl\u00e6g fra Trond Bjerk\u00e5s, Bj\u00f8rg Seland og Eirik Wik Sundvall fra mit eget institut.<\/p>\n<p><img loading=\"lazy\" decoding=\"async\" class=\"alignnone wp-image-225\" src=\"http:\/\/home.uia.no\/charliek\/files\/2018\/05\/agderseminaret-2017-program-1-3-1500_fullwidth.jpg\" alt=\"\" width=\"650\" height=\"650\" srcset=\"https:\/\/home.uia.no\/charliek\/files\/2018\/05\/agderseminaret-2017-program-1-3-1500_fullwidth.jpg 940w, https:\/\/home.uia.no\/charliek\/files\/2018\/05\/agderseminaret-2017-program-1-3-1500_fullwidth-150x150.jpg 150w, https:\/\/home.uia.no\/charliek\/files\/2018\/05\/agderseminaret-2017-program-1-3-1500_fullwidth-300x300.jpg 300w, https:\/\/home.uia.no\/charliek\/files\/2018\/05\/agderseminaret-2017-program-1-3-1500_fullwidth-768x768.jpg 768w, https:\/\/home.uia.no\/charliek\/files\/2018\/05\/agderseminaret-2017-program-1-3-1500_fullwidth-50x50.jpg 50w, https:\/\/home.uia.no\/charliek\/files\/2018\/05\/agderseminaret-2017-program-1-3-1500_fullwidth-400x400.jpg 400w, https:\/\/home.uia.no\/charliek\/files\/2018\/05\/agderseminaret-2017-program-1-3-1500_fullwidth-100x100.jpg 100w\" sizes=\"(max-width: 650px) 100vw, 650px\" \/><\/p>\n<p>Dag 2 stod i de sidste hunderede \u00e5rs radikale bev\u00e6gelsers tegn, og der kom ogs\u00e5 gang i de mere tidsaktuelle diskussioner i l\u00f8bet af dagen. Is\u00e6r ift. ekstremismebegrebets anvendelse p\u00e5 historiske og aktuelle radikale bev\u00e6gelser. Lars Gule fra HiOA holdt et interessant foredrag om netop dette og havde nogle pointer, som jeg ikke var enig i, men som bestemt er nogle refleksioner v\u00e6rd ved en senere lejlighed.<\/p>\n<p>Mit eget foredrag handlede om fascismens praksis. Med udgangspunkt i nazistiske Nordiska Motst\u00e5ndsr\u00f6relsens uanmeldte demonstration i Kristiansand i juli og deres efterf\u00f8lgende demonstration i G\u00f6teborg 30. september fortalte jeg om kontinuitet og tradition i fascismens brug af gaderne som politisk arena og diskuterede sp\u00f8rgsm\u00e5let om, hvorfor fascister altid har marcheret i gaderne.<\/p>\n<p>Foredragets hovedpointe var s\u00e5ledes, at nutidens nazister tr\u00e6kker p\u00e5 en st\u00e6rk kontinuitet fra mellemkrigstiden, ikke bare i ideologi, men ogs\u00e5 i politisk praksis. Der findes i fascismen en tradition for militant gadeagitation og vold, der handler om at vise magt og om politisk kommunikation. Gennem en r\u00e6kke historiske eksempler trak jeg s\u00e5ledes tr\u00e5dende tilbage til de fascistiske og nazistiske bev\u00e6gelsers m\u00e5lrettede anvendelse af gademobilisering og politisk vold som midler til at udfordre venstrefl\u00f8jen i 1920&#8217;erne og 1930&#8217;erne.<\/p>\n<p>Foredraget bliver i l\u00f8bet af forsommeren til en forskningsartikel, der forh\u00e5bentlig udkommer til efter\u00e5ret p\u00e5 Cappelen Damm Akademisk i den antologi, der hvert \u00e5r kommer ud af Agderseminarets foredrag.<\/p>\n","protected":false},"excerpt":{"rendered":"<p>Hvert \u00e5r i oktober arrangerer historikermilj\u00f8et ved Universitetet i Agder sammen med\u00a0 Forskernettverk Agder et regionalt, faghistorisk seminar. Id\u00e9en til Agderseminaret er, at Agder-fylkernes historie gennem aktuelle faglige perspektiver skal s\u00e6ttes ind i en st\u00f8rre national og international sammenh\u00e6ng.<\/p>\n","protected":false},"author":1325,"featured_media":0,"comment_status":"closed","ping_status":"closed","sticky":false,"template":"","format":"standard","meta":{"_exactmetrics_skip_tracking":false,"_exactmetrics_sitenote_active":false,"_exactmetrics_sitenote_note":"","_exactmetrics_sitenote_category":0,"footnotes":""},"categories":[1,66],"tags":[15,11,19,13,17],"_links":{"self":[{"href":"https:\/\/home.uia.no\/charliek\/wp-json\/wp\/v2\/posts\/215"}],"collection":[{"href":"https:\/\/home.uia.no\/charliek\/wp-json\/wp\/v2\/posts"}],"about":[{"href":"https:\/\/home.uia.no\/charliek\/wp-json\/wp\/v2\/types\/post"}],"author":[{"embeddable":true,"href":"https:\/\/home.uia.no\/charliek\/wp-json\/wp\/v2\/users\/1325"}],"replies":[{"embeddable":true,"href":"https:\/\/home.uia.no\/charliek\/wp-json\/wp\/v2\/comments?post=215"}],"version-history":[{"count":7,"href":"https:\/\/home.uia.no\/charliek\/wp-json\/wp\/v2\/posts\/215\/revisions"}],"predecessor-version":[{"id":285,"href":"https:\/\/home.uia.no\/charliek\/wp-json\/wp\/v2\/posts\/215\/revisions\/285"}],"wp:attachment":[{"href":"https:\/\/home.uia.no\/charliek\/wp-json\/wp\/v2\/media?parent=215"}],"wp:term":[{"taxonomy":"category","embeddable":true,"href":"https:\/\/home.uia.no\/charliek\/wp-json\/wp\/v2\/categories?post=215"},{"taxonomy":"post_tag","embeddable":true,"href":"https:\/\/home.uia.no\/charliek\/wp-json\/wp\/v2\/tags?post=215"}],"curies":[{"name":"wp","href":"https:\/\/api.w.org\/{rel}","templated":true}]}}