
{"id":154,"date":"2019-10-28T06:01:32","date_gmt":"2019-10-28T05:01:32","guid":{"rendered":"http:\/\/home.uia.no\/heidir\/?p=154"},"modified":"2019-11-04T22:02:18","modified_gmt":"2019-11-04T21:02:18","slug":"test","status":"publish","type":"post","link":"https:\/\/home.uia.no\/heidir\/2019\/10\/28\/test\/","title":{"rendered":"Alt jeg skylder deg er juling \u2620\ufe0f"},"content":{"rendered":"<h5 style=\"text-align: left\">Leksjon 2. oppgave: C.<\/h5>\n<p style=\"text-align: left\">Jeg har lest boka <em>Alt jeg skylder deg er juling<\/em> av Arne Svingen og har gjort meg noen refleksjoner om den.<\/p>\n<p style=\"text-align: left\"><em>Alt jeg skylder deg er juling <\/em>handler om 17 \u00e5r gamle Herman. Herman er sint og han sl\u00e5ss. Han g\u00e5r gatelangs og banker opp folk. Det er ikke blind vold for han banker ikke opp hvem som helst, men enkelte personer som oppf\u00f8rer seg kjipt, og folk som vil ha br\u00e5k p\u00e5 byen. For eksempel s\u00e5 endte ha<img loading=\"lazy\" decoding=\"async\" class=\"size-medium wp-image-36 alignright\" src=\"http:\/\/home.uia.no\/heidir\/files\/2019\/10\/bokaAlt-jeg-skylder-deg-er-juling_productimage-190x300.jpg\" alt=\"\" width=\"190\" height=\"300\" srcset=\"https:\/\/home.uia.no\/heidir\/files\/2019\/10\/bokaAlt-jeg-skylder-deg-er-juling_productimage-190x300.jpg 190w, https:\/\/home.uia.no\/heidir\/files\/2019\/10\/bokaAlt-jeg-skylder-deg-er-juling_productimage-317x500.jpg 317w, https:\/\/home.uia.no\/heidir\/files\/2019\/10\/bokaAlt-jeg-skylder-deg-er-juling_productimage.jpg 410w\" sizes=\"(max-width: 190px) 100vw, 190px\" \/>n som spente bein p\u00e5 folk og sa sa at alle damer var horer opp med en brukket nese takket v\u00e6re Herman. Herman er ikke interessert i gjengbr\u00e5k i Groruddalen s\u00e5nn som kompisen Tarek. Ikke er han interessert i kampsport heller. Herman vil gjennomf\u00f8re en slags egenjustis med volden sin. Derfor passer det fint n\u00e5r Silje dukker opp og vil ha hjelp fra Herman til \u00e5 hevne f\u00e6le ting hun og andre har blitt utsatt for\u2026.<\/p>\n<p style=\"text-align: left\">Her kommer vi til sp\u00f8rsm\u00e5let om det er riktig \u00e5 ta loven i egne hender n\u00e5r rettssystemet og andre myndigheter har sviktet? Hvis noen har gjort urett blir det noen ganger sagt at vedkommende fortjener juling, men hvordan er det egentlig \u00e5 gjennomf\u00f8re dette i praksis? Jeg kan r\u00f8pe at for Herman og Silje f\u00e5r det konsekvenser!<\/p>\n<p style=\"text-align: left\">Boka er moralsk og oppdragene uten \u00e5 bli kjedelig og streng. Den er spennende og f\u00f8lelsesmessig sterk. Jeg har fors\u00f8kt \u00e5 finne noen b\u00f8ker som kan sammenlignes med <em>Alt jeg skylder deg er juling <\/em>men kan ikke komme p\u00e5 noen annen ungdomsbok som tar opp tema vold p\u00e5 denne m\u00e5ten som Svingen gj\u00f8r her. I det siste har det v\u00e6rt mye om vold blant ungdom i media. Derfor er denne boka aktuell og derfor tenker jeg ogs\u00e5 at det er bok som s\u00e5rt trengs.<\/p>\n<p style=\"text-align: left\">Jeg vil gjerne dele en video der forfatteren snakker om <em>Alt jeg skylder deg er juling<\/em>. Forfatterens egne ord om boka traff meg veldig. Svingen snakker om sinne og vold hos menn som ogs\u00e5 er tema i boka. I tillegg prater Svingen om sl\u00e5sskamper under ungdomstiden i Groruddalen og knytter likheter til bokas hovedperson.<\/p>\n<p><iframe loading=\"lazy\" title=\"Arne Svingen om Alt jeg skylder deg er juling\" width=\"500\" height=\"281\" src=\"https:\/\/www.youtube.com\/embed\/d0POrm1t78Y?feature=oembed\" frameborder=\"0\" allow=\"accelerometer; autoplay; clipboard-write; encrypted-media; gyroscope; picture-in-picture; web-share\" referrerpolicy=\"strict-origin-when-cross-origin\" allowfullscreen><\/iframe><\/p>\n<p style=\"text-align: left\">Dette sinne som Arne Svingen never som han sier er vanskelig \u00e5 snakke om blant menn vil jeg dvele litt ved. Jeg mener det er viktig at vi kan snakke om dette. Det at <em>Alt jeg skylder deg er juling<\/em> som en av f\u00e5 b\u00f8ker t\u00f8r \u00e5 ta opp dette tema gjorde at jeg likte den. Hva gj\u00f8r at noen \u00abser r\u00f8dt\u00bb som forfatteren snakker om? Hva er det som gj\u00f8r at Herman blir mister kontrollen? Jeg synes det er interessant \u00e5 reflektere over dette. Som Svingen sier i intervjuet s\u00e5 hjelper det ikke alltid \u00e5 telle til ti. Og hva er forskjellen p\u00e5 denne type sinne og det \u00e5 planlegge voldshandling? Her er et sitat som viser hvordan boka tar for seg dette:<\/p>\n<blockquote>\n<p style=\"text-align: center\">\u00abN\u00e5r jeg er p\u00e5 mitt verste, har jeg noe som heter tunnelsyn eller at jeg ser r\u00f8dt eller koker i mitt eget adrenalin, jeg vet ikke hva der b\u00f8r hete men det er noe som skjer der og da. Noe jeg ikke kan planlegge. Men n\u00e5r Silje sier vi skal ta igjen, s\u00e5 handler det ikke om mitt sinne. Det handler om planlagt vold. Vi skal ta igjen for noe som har skjedd med noen andre enn meg. hun har en liste. Jeg vet ikke om det er redselens heis som synker gjennom meg, men det er noe ved dette som napper i noen rare nerver\u00bb-<\/p>\n<p style=\"text-align: center\"><span style=\"text-align: left;color: #000000;line-height: inherit;text-indent: 0px;letter-spacing: normal;font-family: 'Libre Franklin','Helvetica Neue',helvetica,arial,sans-serif;font-size: 16px;font-style: normal;font-variant: normal;font-weight: 400;text-decoration: none;float: none;background-color: #ffffff\">-Herman side 77. <\/span><\/p>\n<\/blockquote>\n<p style=\"text-align: left\">I sitatet over ser vi ogs\u00e5 hvordan Herman har kvaler med \u00e5 f\u00f8lge Siljes plan om \u00e5 ta hevn. En tvil som blir mer og mer tydelig utover i boka. Det at Herman har en form for moral tross alt, at han blir forelsket i Silje, det at han er reflektert og identitets\u00f8kende, er en flink storebror og bryr seg om moren sin skaper gjenkjennelse hos leseren. Det at boka er skrevet i jeg-form som ogs\u00e5 er med \u00e5 forsterke identifikasjon. Spr\u00e5ket som brukes er troverdig og gjenkjennbart. Skildringene er virkelighetsn\u00e6re. Alt jeg skylder deg er juling er absolutt en realistisk ungdomsroman.<\/p>\n<p style=\"text-align: left\">Jeg kan ikke snakke p\u00e5 vegne av andre men da jeg selv var ungdom hadde jeg en spesiell kj\u00e6rlighet for b\u00f8ker hvor hovedpersonen ble regnet for \u00e5 v\u00e6re utskudd, levde de p\u00e5 utsiden av samfunnet eller var annerledes. Annerledesheten ga en tilh\u00f8righet. Jeg har fortsatt noe av denne fasinasjonen i dag om enn ikke like sterk som i ten\u00e5rene. S\u00e5nn sett var det vanskelig for meg personlig \u00e5 ikke like fortellingen om utskuddene Silje og Herman. I boka sammenligner Silje og Herman seg med Bonnie og Clyde n\u00e5r de r\u00f8mmer. Det er spenning og en slags romantisering. Allikevel advarer Svingen tydelig om hvilke konsekvenser det kan f\u00e5 og hvor galt det kan g\u00e5. Svingen balanserer dette p\u00e5 en god m\u00e5te.<\/p>\n<p style=\"text-align: left\">S\u00e5 hvorfor sl\u00e5r Herman?<\/p>\n<p style=\"text-align: left\">Forskning viser at relativ fattigdom, samt \u00e5 selv ha bitt utsatt for vold under oppveksten er de to viktigste faktorene for at en person skal ut\u00f8ve vold. Uten \u00e5 avsl\u00f8re for mye kan jeg avsl\u00f8re at Herman havner innunder begge disse to kategoriene. Oddsene er mot han med andre ord.<\/p>\n<p style=\"text-align: left\">Den relative fattigdommen kommer noe frem i boka. Hermans mor er alene med fors\u00f8rgeransvar for Herman og lilles\u00f8steren hans og det hintes om at \u00f8konomien er trang. Enda viktigere s\u00e5 har Herman alts\u00e5 opplevd vold under oppveksten og som tittelen tilsier s\u00e5 er det en hvis alt Herman skylder er juling. N\u00e5r det kommer til stykke viser det seg at Herman ikke klarer \u00e5 sl\u00e5 den som tidligere har sl\u00e5tt han. Oppgj\u00f8ret med denne personen er sterkt. Det er ogs\u00e5 en del av det som skal til for at Herman klarer \u00e5 ta det valget han gj\u00f8r i slutten av boken og at han endelig bryter voldspiralen.<img loading=\"lazy\" decoding=\"async\" class=\"size-medium wp-image-46 aligncenter\" src=\"http:\/\/home.uia.no\/heidir\/files\/2019\/10\/x6728-vold.jpg.pagespeed.ic_.IzvqgUCf-E-300x206.jpg\" alt=\"\" width=\"300\" height=\"206\" srcset=\"https:\/\/home.uia.no\/heidir\/files\/2019\/10\/x6728-vold.jpg.pagespeed.ic_.IzvqgUCf-E-300x206.jpg 300w, https:\/\/home.uia.no\/heidir\/files\/2019\/10\/x6728-vold.jpg.pagespeed.ic_.IzvqgUCf-E.jpg 400w\" sizes=\"(max-width: 300px) 100vw, 300px\" \/><\/p>\n<p>&nbsp;<\/p>\n<hr \/>\n<p style=\"text-align: center\"><strong>Her kan du finner du litt statistikk, forskning og informasjon om vold og unge:<\/strong><\/p>\n<p style=\"text-align: center\"><a href=\"https:\/\/www.stinesofiesstiftelse.no\/tema\/konsekvenser\">https:\/\/www.stinesofiesstiftelse.no\/tema\/konsekvenser<\/a><\/p>\n<p style=\"text-align: center\"><a href=\"https:\/\/issuu.com\/stinesofiesstiftelse0\/docs\/sss_innsiktsrapport-issuu_endeligve\">https:\/\/issuu.com\/stinesofiesstiftelse0\/docs\/sss_innsiktsrapport-issuu_endeligve<\/a><\/p>\n<p style=\"text-align: center\"><a href=\"https:\/\/www.nkvts.no\/rapport\/vold-i-oppveksten-varige-spor-en-longitudinell-undersokelse-av-reviktimisering-helse-rus-og-sosiale-relasjoner-hos-unge-utsatt-for-vold-i-barndommen\/\">https:\/\/www.nkvts.no\/rapport\/vold-i-oppveksten-varige-spor-en-longitudinell-undersokelse-av-reviktimisering-helse-rus-og-sosiale-relasjoner-hos-unge-utsatt-for-vold-i-barndommen\/<\/a><\/p>\n<p style=\"text-align: center\"><strong>Her finner du noen nyhetsartikler om vold og ungdom i media fra de siste ukene:<\/strong><\/p>\n<p style=\"text-align: center\"><a href=\"https:\/\/www.nrk.no\/norge\/_-vold-var-noe-jeg-likte-a-gjore-1.14749199\">https:\/\/www.nrk.no\/norge\/_-vold-var-noe-jeg-likte-a-gjore-1.14749199<\/a><\/p>\n<p style=\"text-align: center\"><a href=\"https:\/\/www.vg.no\/nyheter\/meninger\/i\/VbLJ4p\/vi-har-et-problem-i-oslo\">https:\/\/www.vg.no\/nyheter\/meninger\/i\/VbLJ4p\/vi-har-et-problem-i-oslo<\/a><\/p>\n<p style=\"text-align: center\"><a href=\"https:\/\/www.dagsavisen.no\/oslo\/oslo-vold-skaper-bekymring-1.1604221?fbclid=IwAR0M1BIMyjV0SrVZrRPbIuqegEsu679YOaWiaJJJLIys9iBiReHwKPaiKJA\">https:\/\/www.dagsavisen.no\/oslo\/oslo-vold-skaper-bekymring-1.1604221?fbclid=IwAR0M1BIMyjV0SrVZrRPbIuqegEsu679YOaWiaJJJLIys9iBiReHwKPaiKJA<\/a><\/p>\n<p style=\"text-align: center\"><a href=\"https:\/\/www.dagsavisen.no\/oslo\/16-personer-pagrepet-etter-voldshelg-i-oslo-1.1604445\">https:\/\/www.dagsavisen.no\/oslo\/16-personer-pagrepet-etter-voldshelg-i-oslo-1.1604445<\/a><\/p>\n<p style=\"text-align: center\"><a href=\"https:\/\/www.dagbladet.no\/nyheter\/frykter-volden-skal-spre-seg-til-andre-byer\/71730286\">https:\/\/www.dagbladet.no\/nyheter\/frykter-volden-skal-spre-seg-til-andre-byer\/71730286<\/a><\/p>\n<p style=\"text-align: center\"><a href=\"https:\/\/www.dagbladet.no\/studio\/nyhetsstudio\/5?post=20617\">https:\/\/www.dagbladet.no\/studio\/nyhetsstudio\/5?post=20617<\/a><\/p>\n<p style=\"text-align: center\"><strong>Her kan er noen linker til hvor du kan s\u00f8ke hjelp hvis du er utsatt for vold og\/eller ut\u00f8ver vold:<\/strong><\/p>\n<p style=\"text-align: center\"><a href=\"https:\/\/www.littsint.no\/\">https:\/\/www.littsint.no\/<\/a><\/p>\n<p style=\"text-align: center\"><a href=\"https:\/\/www.reddbarna.no\/vaart-arbeid\/barn-i-norge\/vold-og-overgrep\">https:\/\/www.reddbarna.no\/vaart-arbeid\/barn-i-norge\/vold-og-overgrep<\/a><\/p>\n<p style=\"text-align: center\">http:\/\/atv-stiftelsen.no\/<\/p>\n<p style=\"text-align: center\"><a href=\"http:\/\/www.utsattmann.no\">www.utsattmann.no<\/a><\/p>\n<p style=\"text-align: center\"><a href=\"https:\/\/www.statensbarnehus.no\/\">https:\/\/www.statensbarnehus.no\/\u00a0<\/a><\/p>\n<p>&nbsp;<\/p>\n<p>&nbsp;<\/p>\n","protected":false},"excerpt":{"rendered":"<p>Leksjon 2. oppgave: C. Jeg har lest boka Alt jeg skylder deg er juling av Arne Svingen og har gjort meg noen refleksjoner om den. Alt jeg skylder deg er juling handler om 17 \u00e5r gamle Herman. Herman er sint &hellip; <a href=\"https:\/\/home.uia.no\/heidir\/2019\/10\/28\/test\/\">Continue reading <span class=\"meta-nav\">&rarr;<\/span><\/a><\/p>\n","protected":false},"author":2468,"featured_media":0,"comment_status":"open","ping_status":"closed","sticky":false,"template":"","format":"standard","meta":{"_exactmetrics_skip_tracking":false,"_exactmetrics_sitenote_active":false,"_exactmetrics_sitenote_note":"","_exactmetrics_sitenote_category":0,"footnotes":""},"categories":[1],"tags":[],"_links":{"self":[{"href":"https:\/\/home.uia.no\/heidir\/wp-json\/wp\/v2\/posts\/154"}],"collection":[{"href":"https:\/\/home.uia.no\/heidir\/wp-json\/wp\/v2\/posts"}],"about":[{"href":"https:\/\/home.uia.no\/heidir\/wp-json\/wp\/v2\/types\/post"}],"author":[{"embeddable":true,"href":"https:\/\/home.uia.no\/heidir\/wp-json\/wp\/v2\/users\/2468"}],"replies":[{"embeddable":true,"href":"https:\/\/home.uia.no\/heidir\/wp-json\/wp\/v2\/comments?post=154"}],"version-history":[{"count":22,"href":"https:\/\/home.uia.no\/heidir\/wp-json\/wp\/v2\/posts\/154\/revisions"}],"predecessor-version":[{"id":204,"href":"https:\/\/home.uia.no\/heidir\/wp-json\/wp\/v2\/posts\/154\/revisions\/204"}],"wp:attachment":[{"href":"https:\/\/home.uia.no\/heidir\/wp-json\/wp\/v2\/media?parent=154"}],"wp:term":[{"taxonomy":"category","embeddable":true,"href":"https:\/\/home.uia.no\/heidir\/wp-json\/wp\/v2\/categories?post=154"},{"taxonomy":"post_tag","embeddable":true,"href":"https:\/\/home.uia.no\/heidir\/wp-json\/wp\/v2\/tags?post=154"}],"curies":[{"name":"wp","href":"https:\/\/api.w.org\/{rel}","templated":true}]}}