
{"id":17,"date":"2021-11-01T23:02:03","date_gmt":"2021-11-01T22:02:03","guid":{"rendered":"http:\/\/home.uia.no\/kfhettervi\/?p=17"},"modified":"2021-11-06T12:24:55","modified_gmt":"2021-11-06T11:24:55","slug":"hei-forste-klasse","status":"publish","type":"post","link":"https:\/\/home.uia.no\/kfhettervi\/2021\/11\/01\/hei-forste-klasse\/","title":{"rendered":"Hei, f\u00f8rste klasse!"},"content":{"rendered":"<p>Husker dere b\u00f8kene vi har lest om Tiril og Oliver? Jeg skal fortelle dere litt om ei bok i serien om detektivbyr\u00e5 nr. 2 som vi ikke har lest enda. Vi har til n\u00e5 v\u00e6rt med Tiril, Oliver og \u00c5tto p\u00e5 \u00e5 l\u00f8se to saker, den f\u00f8rste var &laquo;jakten p\u00e5 enhj\u00f8rningen&raquo; og den andre var &laquo;operasjon plastpose&raquo;. N\u00e5 skal jeg fortelle litt om &laquo;operasjon tordensky&raquo; som er den neste boka vi skal lese sammen. Her er et bilde av den:<\/p>\n<p><img loading=\"lazy\" decoding=\"async\" class=\"alignnone wp-image-19 size-thumbnail\" src=\"http:\/\/home.uia.no\/kfhettervi\/files\/2021\/11\/250940123_303961104657879_7999014282693887640_n-150x150.jpg\" alt=\"\" width=\"150\" height=\"150\" srcset=\"https:\/\/home.uia.no\/kfhettervi\/files\/2021\/11\/250940123_303961104657879_7999014282693887640_n-150x150.jpg 150w, https:\/\/home.uia.no\/kfhettervi\/files\/2021\/11\/250940123_303961104657879_7999014282693887640_n-50x50.jpg 50w\" sizes=\"(max-width: 150px) 100vw, 150px\" \/><\/p>\n<p>I operasjon tordensky m\u00f8ter vi ogs\u00e5 Tiril, Oliver og \u00c5tto. Denne gangen er det tyverier i Elvestad som gj\u00f8r at vennene v\u00e5re drar ut for \u00e5 finne ut av hva som skjer. Det er en rekke tyverier p\u00e5 kort tid. Tiril og Oliver er raskt p\u00e5 saken og samarbeider med politiet. Noe av det som blir stj\u00e5let er en varebil, tomflasker og sukker. Henger tyveriene sammen? Det m\u00e5 vi lese boka for \u00e5 finne ut av!<\/p>\n<p>Denne boka passer godt for dere som likte de andre b\u00f8kene vi har lest i h\u00f8st. Boka er spennende og kanskje til tider litt skummel. Om dere vil kan dere se flere b\u00f8ker fra Detektivbyr\u00e5 nr. 2\u00a0<a href=\"http:\/\/detektivene.no\/om-serien\/\">her.<\/a><\/p>\n<p>Gleder meg til \u00e5 lese videre med dere!<\/p>\n","protected":false},"excerpt":{"rendered":"<p>Husker dere b\u00f8kene vi har lest om Tiril og Oliver? Jeg skal fortelle dere litt om ei bok i serien om detektivbyr\u00e5 nr. 2 som vi ikke har lest enda. Vi har til n\u00e5 v\u00e6rt med Tiril, Oliver og \u00c5tto &hellip; <a href=\"https:\/\/home.uia.no\/kfhettervi\/2021\/11\/01\/hei-forste-klasse\/\">Continue reading <span class=\"meta-nav\">&rarr;<\/span><\/a><\/p>\n","protected":false},"author":3108,"featured_media":0,"comment_status":"open","ping_status":"closed","sticky":false,"template":"","format":"standard","meta":{"_exactmetrics_skip_tracking":false,"_exactmetrics_sitenote_active":false,"_exactmetrics_sitenote_note":"","_exactmetrics_sitenote_category":0,"footnotes":""},"categories":[1],"tags":[],"_links":{"self":[{"href":"https:\/\/home.uia.no\/kfhettervi\/wp-json\/wp\/v2\/posts\/17"}],"collection":[{"href":"https:\/\/home.uia.no\/kfhettervi\/wp-json\/wp\/v2\/posts"}],"about":[{"href":"https:\/\/home.uia.no\/kfhettervi\/wp-json\/wp\/v2\/types\/post"}],"author":[{"embeddable":true,"href":"https:\/\/home.uia.no\/kfhettervi\/wp-json\/wp\/v2\/users\/3108"}],"replies":[{"embeddable":true,"href":"https:\/\/home.uia.no\/kfhettervi\/wp-json\/wp\/v2\/comments?post=17"}],"version-history":[{"count":3,"href":"https:\/\/home.uia.no\/kfhettervi\/wp-json\/wp\/v2\/posts\/17\/revisions"}],"predecessor-version":[{"id":25,"href":"https:\/\/home.uia.no\/kfhettervi\/wp-json\/wp\/v2\/posts\/17\/revisions\/25"}],"wp:attachment":[{"href":"https:\/\/home.uia.no\/kfhettervi\/wp-json\/wp\/v2\/media?parent=17"}],"wp:term":[{"taxonomy":"category","embeddable":true,"href":"https:\/\/home.uia.no\/kfhettervi\/wp-json\/wp\/v2\/categories?post=17"},{"taxonomy":"post_tag","embeddable":true,"href":"https:\/\/home.uia.no\/kfhettervi\/wp-json\/wp\/v2\/tags?post=17"}],"curies":[{"name":"wp","href":"https:\/\/api.w.org\/{rel}","templated":true}]}}