
{"id":142,"date":"2020-12-04T04:41:39","date_gmt":"2020-12-04T03:41:39","guid":{"rendered":"http:\/\/home.uia.no\/stinecn\/?p=142"},"modified":"2021-08-18T20:17:34","modified_gmt":"2021-08-18T19:17:34","slug":"ny-organisering-av-skolebiblioteket","status":"publish","type":"post","link":"https:\/\/home.uia.no\/stinecn\/2020\/12\/04\/ny-organisering-av-skolebiblioteket\/","title":{"rendered":"Ny organisering av skolebiblioteket?"},"content":{"rendered":"<h4>(Mappeoppgave 2, Oppgave 2)<\/h4>\n<p>&nbsp;<\/p>\n<p>For noen \u00e5r siden ble skolebiblioteket v\u00e5rt totalrenovert og ombygd. Det har fungert i hovedsak bra det dr\u00f8ye ti\u00e5ret det har v\u00e6rt i bruk, med bare mindre justeringer i organisasjon og hylleoppstillinger. Likevel sp\u00f8r jeg meg forholdsvis regelmessig \u00abEr organiseringen v\u00e5r optimal? Hva kan vi gj\u00f8re bedre?\u00bb og for \u00e5 v\u00e6re helt \u00e6rlig s\u00e5 er det alltid noe man kunne forandret p\u00e5. Store og revolusjonerende endringer er det dog temmelig vanskelig \u00e5 gjennomf\u00f8re i et etablert bibliotek under skole\u00e5rets gang. Det blir med de sm\u00e5 justeringene inntil videre. Men n\u00e5r sjansen byr seg, som ved innflytting i nye lokaler, da er det naturlig \u00e5 vurdere om en skal omorganisere fra grunnen av. Og den situasjonen er det min kollega ved Gr\u00f8nnskogen barne- og ungdomsskole befinner seg i n\u00e5. S\u00e5 hva kan Gr\u00f8nnskogen skolebibliotek gj\u00f8re bedre?<\/p>\n<div id=\"attachment_144\" style=\"width: 310px\" class=\"wp-caption alignleft\"><img loading=\"lazy\" decoding=\"async\" aria-describedby=\"caption-attachment-144\" class=\"size-medium wp-image-144\" src=\"http:\/\/home.uia.no\/stinecn\/files\/2020\/12\/Bokorganisering-Fallon_Michael-Unsplash-mindre-300x200.jpg\" alt=\"Illustrasjonsbilde av b\u00f8ker satt opp i sirkel, unge mennesker i bakgrunnen.\" width=\"300\" height=\"200\" srcset=\"https:\/\/home.uia.no\/stinecn\/files\/2020\/12\/Bokorganisering-Fallon_Michael-Unsplash-mindre-300x200.jpg 300w, https:\/\/home.uia.no\/stinecn\/files\/2020\/12\/Bokorganisering-Fallon_Michael-Unsplash-mindre-768x513.jpg 768w, https:\/\/home.uia.no\/stinecn\/files\/2020\/12\/Bokorganisering-Fallon_Michael-Unsplash-mindre-400x267.jpg 400w, https:\/\/home.uia.no\/stinecn\/files\/2020\/12\/Bokorganisering-Fallon_Michael-Unsplash-mindre.jpg 821w\" sizes=\"(max-width: 300px) 100vw, 300px\" \/><p id=\"caption-attachment-144\" class=\"wp-caption-text\">Photo by <a href=\"https:\/\/unsplash.com\/@fallonmichaeltx?utm_source=unsplash&amp;utm_medium=referral&amp;utm_content=creditCopyText\">Fallon Michael<\/a> on <a href=\"https:\/\/unsplash.com\/s\/photos\/librarian?utm_source=unsplash&amp;utm_medium=referral&amp;utm_content=creditCopyText\">Unsplash<\/a><\/p><\/div>\n<p>Det er fordeler og ulemper ved de fleste systemer. Per i dag er b\u00f8kene organisert alfabetisk etter alderstrinn, uten skille mellom skj\u00f8nn- og faglitteratur. Billedb\u00f8ker og \u00abgutteb\u00f8ker\u00bb st\u00e5r for seg. Her er det noen fordeler som det kan v\u00e6re verdt \u00e5 videref\u00f8re. Vi ser s\u00e6rlig blant de yngste elevene at de i mindre grad skiller mellom skj\u00f8nnlitteratur og faglitteratur i forhold til hva de \u00f8nsker \u00e5 lese. De er mest opptatt av sjanger og emne. Den typiske \u00abhestejenta\u00bb som \u00f8nsker b\u00f8ker om hester, l\u00e5ner barne- og ungdomsromaner med hest og ridning som tema og fagb\u00f8ker om hestestell og hestesport p\u00e5 lik linje. For \u00abfotballgutten\u00bb har romanserier for mellomtrinnet om fotballaget fra l\u00f8kka og kjente fotballspilleres biografier like stor interesse. Noen elsker humoristiske b\u00f8ker, andre sverger til gode gr\u00f8ss. Her kan kategorisering og oppstilling etter emne v\u00e6re klart gunstig for \u00e5 gj\u00f8re elevene selvhjulpne p\u00e5 biblioteket. S\u00e5 dette kan vurderes i alle fall for barne- og mellomtrinnet, tenker jeg.<\/p>\n<p>Selv om en velger et slikt system, s\u00e5 m\u00e5 en ikke glemme n\u00f8dvendigheten av \u00e5 ha ei solid hylle med barneb\u00f8ker for h\u00f8ytlesing. Det er veletablert og anerkjent forskning at det \u00e5 bli lest for er av vesentlig betydning for barnas utvikling b\u00e5de som selvstendige lesere senere og med tanke p\u00e5 skoleprestasjoner generelt. Dette kjenner nok l\u00e6rerne godt til gjennom sin egen utdanning i lesedidaktikk, b.l.a. fra A. Roe som jeg vet at mange har hatt p\u00e5 pensum. <a href=\"#_ftn1\" name=\"_ftnref1\">[1]<\/a> S\u00e5 da mener jeg at Gr\u00f8nnskogen b\u00f8r inkludere en \u00abBli lest for\u00bb-hylle i tillegg til de viktige \u00abLese selv\u00bb-hyllene som gjerne m\u00e5 ha egen seksjon eller merking for store bokstaver og lettlestb\u00f8ker. Innenfor kategoriene eller sjangrene, m\u00e5 en gjerne videref\u00f8re alfabetisk oppstilling, men dersom kategoriene ellers er oversiktlige, kan en jo vurdere om en skal v\u00e6re litt mer avslappet i forhold til alfabetisk oppstilling. Det kan fort bli en hemsko for elevene \u00e5 henge seg opp i alfabetiseringen for \u00e5 finne b\u00f8kene og for \u00e5 v\u00e6re med \u00e5 ta ansvar for \u00e5 rydde p\u00e5 plass igjen.<\/p>\n<p>Uansett om en velger \u00e5 samle alt alfabetisk, eller \u00e5 gruppere p\u00e5 sjanger og hovedemne, m\u00e5 en v\u00e6re raus og n\u00f8yaktig med \u00e5 katalogisere materialet, b\u00e5de med \u00e5 inkludere hyllesignatur og emneord. I en omorganiseringsprosess vil dette v\u00e6re arbeidskrevende, men jeg tenker det er n\u00f8dvendig. Hvis katalogen ikke speiler den fysiske virkeligheten i samlingen, f\u00e5r man d\u00e5rligere gjenfinning, og det er dumt \u00e5 ikke nyttiggj\u00f8re seg de mulighetene som ligger i \u00e5 ha en elektronisk katalog med s\u00f8kbart grensesnitt mot publikum. N\u00e5r man derimot har gjort det grunnleggende arbeidet og lagt seg til gode katalogiseringsvaner, er det lett \u00e5 legge til nye dokumenter.<\/p>\n<p>N\u00e5r det gjelder samlingen som i hovedsak er rettet mot ungdomstrinnet og voksne, er det etter min mening ikke hensiktsmessig \u00e5 gruppere etter emne. Og i alle fall ikke sette skj\u00f8nnlitteratur og faglitteratur sammen. Ungdommer og voksne vil etter min erfaring stort sett v\u00e6re p\u00e5 jakt enten etter skj\u00f8nnlitteratur eller en fagbok innenfor et spesielt interessefelt. Her vil jeg anbefale en tradisjonell oppdeling i skj\u00f8nnlitteratur organisert alfabetisk etter forfatter, samt faglitteratur organisert etter Deweys Desimalklassifikasjon (DDK). DDK er s\u00e5 utbredt og s\u00e5 velegnet til ulike samlingstyper, at jeg ikke ser noen grunn til ikke \u00e5 bruke det ogs\u00e5 i skolen. Ungdomsskoleelevene vil m\u00f8te DDK i videre skolegang og studier, og det er for det meste logisk \u00e5 forst\u00e5.<a href=\"#_ftn2\" name=\"_ftnref2\">[2]<\/a><a href=\"#_ftn3\" name=\"_ftnref3\">[3]<\/a><\/p>\n<div id=\"attachment_146\" style=\"width: 204px\" class=\"wp-caption alignright\"><a href=\"#_ftn3\" name=\"_ftnref3\"><img loading=\"lazy\" decoding=\"async\" aria-describedby=\"caption-attachment-146\" class=\"size-medium wp-image-146\" src=\"http:\/\/home.uia.no\/stinecn\/files\/2020\/12\/ben-white-qDY9ahp0Mto-unsplash-194x300.jpg\" alt=\"Illustrasjonsbilde av liten gutt som holder ei bok og har et overrasket uttrykk i ansiktet,\" width=\"194\" height=\"300\" srcset=\"https:\/\/home.uia.no\/stinecn\/files\/2020\/12\/ben-white-qDY9ahp0Mto-unsplash-194x300.jpg 194w, https:\/\/home.uia.no\/stinecn\/files\/2020\/12\/ben-white-qDY9ahp0Mto-unsplash-324x500.jpg 324w, https:\/\/home.uia.no\/stinecn\/files\/2020\/12\/ben-white-qDY9ahp0Mto-unsplash.jpg 336w\" sizes=\"(max-width: 194px) 100vw, 194px\" \/><\/a><p id=\"caption-attachment-146\" class=\"wp-caption-text\"><a href=\"#_ftn3\" name=\"_ftnref3\">Photo by <\/a><a href=\"https:\/\/unsplash.com\/@benwhitephotography?utm_source=unsplash&amp;utm_medium=referral&amp;utm_content=creditCopyText\">Ben White<\/a> on <a href=\"https:\/\/unsplash.com\/s\/photos\/confused-person?utm_source=unsplash&amp;utm_medium=referral&amp;utm_content=creditCopyText\">Unsplash<\/a><\/p><\/div>\n<p>Det er ingenting i vegen for at skj\u00f8nnlitteraturen kan grupperes etter sjanger eller stil, naturligvis. Om en velger \u00e5 sette alt sammen, ville jeg ha merket bokryggene med lett gjenkjennelige symboler s\u00e5 en l\u00e5ner som bare \u00abvandrer blant hyllene\u00bb lett kan finne for eksempel krim, fantasy eller kj\u00e6rlighet. \u00abGuttebokhylla\u00bb b\u00f8r i alle fall best\u00e5! Jeg regner med at gutta p\u00e5 Gr\u00f8nnskogen ikke er s\u00e5 ulike andre gutter, og de trenger en del tilpasning for \u00e5 motiveres til \u00e5 lese b\u00f8ker, blant annet m\u00e5 boka fenge fra f\u00f8rste stund og ikke virke \u00abjentete\u00bb<a href=\"#_ftn4\" name=\"_ftnref4\">[4]<\/a>.<\/p>\n<p>P\u00e5 tross av det jeg nettopp har argumentert for, vil jeg likevel innr\u00f8mme at et alternativ til denne tradisjonelle organiseringen kan ha noe for seg. Det vi gj\u00f8r i skolen, styres av Oppl\u00e6ringsloven og det til enhver tid gjeldende l\u00e6replanverket. Kunnskapsl\u00f8ftet og Fagfornyelsen anerkjenner lesing, skriving, regning, samt muntlige og digitale ferdigheter som grunnleggende ferdigheter som skal gjennomsyre all undervisning gjennom hele utdanningsl\u00f8pet, p\u00e5 tvers av fag. Og de nyeste l\u00e6replanene som fases inn fra 2020 innf\u00f8rer ogs\u00e5 tre tverrfaglige emner. <a href=\"#_ftn5\" name=\"_ftnref5\">[5]<\/a> Med dette som utgangspunkt, er det kanskje uklokt \u00e5 l\u00e5se seg for fast til Dewey? Katalogen \u00e5pner for mange alternative nummer, men det er jo som oftest hovednummeret som gir oss hyllesignaturen og bestemmer plasseringen av boka. Vil det v\u00e6re gunstigere \u00e5 gruppere etter undervisningsfag og tverrfaglige emner, tross alt? Jeg vet at det er en del biblioteker som gj\u00f8r nettopp det og er godt forn\u00f8yde. Selv er jeg ikke helt overbevist om at \u00e5 ordne hele samlingen fysisk i lokalene p\u00e5 denne m\u00e5ten er det beste. Men kanskje en seksjon for tverrfaglige emner som inkluderer b\u00e5de skj\u00f8nnlitteratur og faglitteratur ville v\u00e6re en god l\u00f8sning? Det \u00e5 framheve visse emner i en utstilling, er jo noe vi gj\u00f8r hele tida i biblioteket. Hvorfor ikke gj\u00f8re for eksempel \u00abFolkehelse og livsmestring\u00bb til en permanent utstilling? Grundig emneordskatalogisering og tydelig merking av eksemplarer og hyler er uansett helt n\u00f8dvendig. Den r\u00f8de tr\u00e5den forblir \u00abhva har vi\u00bb og \u00abhvor finner vi det\u00bb.<\/p>\n<p>Til syvende og sist er det Gr\u00f8nnskogen som m\u00e5 finne ut hva som passer for sine elever og sitt personale. Ingen skoler er helt like, og det er ingen universal oppskrift for hva som er aller best. Men jeg h\u00e5per min lille refleksjon kan hjelpe kollegaen min til \u00e5 finne den l\u00f8sningen som fungerer best for dem. Hva tenker dere, lesere?<\/p>\n<p>&nbsp;<\/p>\n<hr \/>\n<p><a href=\"#_ftnref1\" name=\"_ftn1\">[1]<\/a> Roe, Astrid.\u00a0<em>Lesedidaktikk &#8211; etter den f\u00f8rste leseoppl\u00e6ringen.<\/em>\u00a0Oslo: Universitetsforlaget, 2014<\/p>\n<p><a href=\"#_ftnref2\" name=\"_ftn2\">[2]<\/a> <em>Innledning til Dewey.<\/em>\u00a0Nasjonalbiblioteket, 2019 , hentet 03.12.2020\u00a0<a href=\"https:\/\/bibliotekutvikling.no\/content\/uploads\/sites\/8\/2019\/12\/Innledning-til-Dewey-desimalklassifikasjon.pdf\" target=\"_blank\" rel=\"noopener\">https:\/\/bibliotekutvikling.no\/content\/uploads\/sites\/8\/2019\/12\/Innledning-til-Dewey-desimalklassifikasjon.pdf<\/a><\/p>\n<p><a href=\"#_ftnref3\" name=\"_ftn3\">[3]<\/a> Conradi, Elise. &laquo;Formidling, kunnskapsorganisering og Dewey&raquo; <em>Bibliotheca Nova<\/em> 2014,4\u00a0<em>\u00a0<\/em><\/p>\n<p><a href=\"#_ftnref4\" name=\"_ftn4\">[4]<\/a> Kverndokken, K\u00e5re. Bokas gripefaktor (Bergen: Fagbokforlaget, 2013)<\/p>\n<p><a href=\"#_ftnref5\" name=\"_ftn5\">[5]<\/a> <em>LK20<\/em> (Utdanningsdirektoratet, 2020) pkt 2.5 hentet 03.12.2020\u00a0<a href=\"https:\/\/www.udir.no\/lk20\/overordnet-del\/prinsipper-for-laring-utvikling-og-danning\/tverrfaglige-temaer\/\" target=\"_blank\" rel=\"noopener\">https:\/\/www.udir.no\/lk20\/overordnet-del\/prinsipper-for-laring-utvikling-og-danning\/tverrfaglige-temaer\/<\/a><\/p>\n","protected":false},"excerpt":{"rendered":"<p>(Mappeoppgave 2, Oppgave 2) &nbsp; For noen \u00e5r siden ble skolebiblioteket v\u00e5rt totalrenovert og ombygd. Det har fungert i hovedsak bra det dr\u00f8ye ti\u00e5ret det har v\u00e6rt i bruk, med bare mindre justeringer i organisasjon og hylleoppstillinger. Likevel sp\u00f8r jeg &hellip; <a href=\"https:\/\/home.uia.no\/stinecn\/2020\/12\/04\/ny-organisering-av-skolebiblioteket\/\">Continue reading <span class=\"meta-nav\">&rarr;<\/span><\/a><\/p>\n","protected":false},"author":2716,"featured_media":0,"comment_status":"open","ping_status":"closed","sticky":false,"template":"","format":"standard","meta":{"_exactmetrics_skip_tracking":false,"_exactmetrics_sitenote_active":false,"_exactmetrics_sitenote_note":"","_exactmetrics_sitenote_category":0,"footnotes":""},"categories":[14,1],"tags":[26,24,18,20,16,22,28],"_links":{"self":[{"href":"https:\/\/home.uia.no\/stinecn\/wp-json\/wp\/v2\/posts\/142"}],"collection":[{"href":"https:\/\/home.uia.no\/stinecn\/wp-json\/wp\/v2\/posts"}],"about":[{"href":"https:\/\/home.uia.no\/stinecn\/wp-json\/wp\/v2\/types\/post"}],"author":[{"embeddable":true,"href":"https:\/\/home.uia.no\/stinecn\/wp-json\/wp\/v2\/users\/2716"}],"replies":[{"embeddable":true,"href":"https:\/\/home.uia.no\/stinecn\/wp-json\/wp\/v2\/comments?post=142"}],"version-history":[{"count":3,"href":"https:\/\/home.uia.no\/stinecn\/wp-json\/wp\/v2\/posts\/142\/revisions"}],"predecessor-version":[{"id":152,"href":"https:\/\/home.uia.no\/stinecn\/wp-json\/wp\/v2\/posts\/142\/revisions\/152"}],"wp:attachment":[{"href":"https:\/\/home.uia.no\/stinecn\/wp-json\/wp\/v2\/media?parent=142"}],"wp:term":[{"taxonomy":"category","embeddable":true,"href":"https:\/\/home.uia.no\/stinecn\/wp-json\/wp\/v2\/categories?post=142"},{"taxonomy":"post_tag","embeddable":true,"href":"https:\/\/home.uia.no\/stinecn\/wp-json\/wp\/v2\/tags?post=142"}],"curies":[{"name":"wp","href":"https:\/\/api.w.org\/{rel}","templated":true}]}}