
{"id":201,"date":"2021-11-02T16:33:25","date_gmt":"2021-11-02T15:33:25","guid":{"rendered":"http:\/\/home.uia.no\/stinecn\/?p=201"},"modified":"2021-11-02T16:53:11","modified_gmt":"2021-11-02T15:53:11","slug":"glimmerdalens-pippi-langstrompe-svever-hoyt-og-langt","status":"publish","type":"post","link":"https:\/\/home.uia.no\/stinecn\/2021\/11\/02\/glimmerdalens-pippi-langstrompe-svever-hoyt-og-langt\/","title":{"rendered":"Glimmerdalens Pippi Langstr\u00f8mpe svever h\u00f8yt og langt"},"content":{"rendered":"<h4>Bloggoppgave. Oppgave C.<\/h4>\n<p>&nbsp;<\/p>\n<p>Som sagt i forrige innlegg, s\u00e5 har jeg kost meg f\u00e6lt med <em>Tonje Glimmerdal<\/em>. S\u00e5pass at hun fortjener et eget blogginnlegg helt for seg selv.<\/p>\n<blockquote><p>&laquo;Om du g\u00e5r av b\u00e5ten nede ved kaia, d\u00e5 kjenner du vinden fr\u00e5 dalen med ein gong. Til og med no n\u00e5r det er kald vinter, kjenner du den. Berre lat att auga. Furu luktar det. Og gran. Det er berre \u00e5 begynne \u00e5 g\u00e5.&raquo;<\/p><\/blockquote>\n<p>Og s\u00e5 gj\u00f8r vi det. Vi lukker \u00f8ynene og g\u00e5r mot Glimmerdalen. Ja, <em>jeg<\/em> kan i alle fall lukke \u00f8ynene, for jeg har <em>Tonje Glimmerdal<\/em> p\u00e5 lydbok i tillegg til tekst. Men \u00f8ynene g\u00e5r fort opp igjen, for der st\u00e5r &laquo;Glimmerdalens vesle dunder&raquo; klar til en heidundrende salto p\u00e5 ski, og synger s\u00e5 det ljomer utover fjell og bakker. Det blir ingen salto, for det har hun ikke l\u00e6rt enda. Men h\u00f8yt og langt blir det, og veldig mye sang underveis i svevet.<\/p>\n<p>Jeg innr\u00f8mmer det gjerne: Jeg falt like pladask for Tonje Glimmerdal som hun gjorde etter svevet fra Veslehammaren. Denne t\u00f8ffe lille ni\u00e5ringen sjarmerte meg i senk fra f\u00f8rste side. Det er noe helt klart Pippi Langstr\u00f8mpe-aktig over henne, der hun bare g\u00e5r p\u00e5. &laquo;Det har jeg aldri pr\u00f8vd f\u00f8r, s\u00e5 det tror jeg sikkert jeg kan klare&raquo; skal selvsamme Pippi ha sagt. Men det passer like godt p\u00e5 lille Tonje. Og som Pippi, s\u00e5 ordner hun opp selv, i store og sm\u00e5 problemer. Helt alene er hun heldigvis ikke. Hun har en far hjemme p\u00e5 g\u00e5rden, og en gudfar og bestevenn p\u00e5 andre sida av dalen. Og de <strong>st\u00f8tter<\/strong> henne, men de ordner ikke opp <strong>for<\/strong> henne. Og n\u00e5r det er gudfar Gunnvald som f\u00e5r problemer, ja da er det Tonje som m\u00e5 finne ut av ting. For Gunnvald har en hemmelighet, en kjempestor hemmelighet, og det snur opp-ned p\u00e5 alt: Han har ei voksen datter &#8211; Heidi &#8211; som Tonje ikke visste om.<\/p>\n<div id=\"attachment_207\" style=\"width: 250px\" class=\"wp-caption alignleft\"><img loading=\"lazy\" decoding=\"async\" aria-describedby=\"caption-attachment-207\" class=\"wp-image-207 size-medium\" src=\"http:\/\/home.uia.no\/stinecn\/files\/2021\/11\/petter-bulling-IwV6hvKCXIs-unsplash-240x300.jpg\" alt=\"Silhuett av en person som st\u00e5r alene p\u00e5 en sn\u00f8kledt fjellside i skumringen, sett fra en god distanse unna. Sn\u00f8en er bl\u00e5lig i skumringslyset, og himmelen i bakgrunnen er dus bl\u00e5 med svake rosa toner i h\u00f8yre kant ved bakken, ved solnedgang. P\u00e5 hinmmelen lyser en enslig stjerne.\" width=\"240\" height=\"300\" srcset=\"https:\/\/home.uia.no\/stinecn\/files\/2021\/11\/petter-bulling-IwV6hvKCXIs-unsplash-240x300.jpg 240w, https:\/\/home.uia.no\/stinecn\/files\/2021\/11\/petter-bulling-IwV6hvKCXIs-unsplash-400x500.jpg 400w, https:\/\/home.uia.no\/stinecn\/files\/2021\/11\/petter-bulling-IwV6hvKCXIs-unsplash.jpg 640w\" sizes=\"(max-width: 240px) 100vw, 240px\" \/><p id=\"caption-attachment-207\" class=\"wp-caption-text\">Det er ikke lett \u00e5 v\u00e6re det eneste barnet i Glimmerdalen. \u00c5 f\u00e5 andre barn \u00e5 leke med, d\u00e9t er dr\u00f8mmen. Og kan den g\u00e5 i oppfyllelse denne vinterferien? Foto av Petter Bulling \/ Unsplash.<\/p><\/div>\n<div id=\"attachment_209\" style=\"width: 243px\" class=\"wp-caption alignright\"><a href=\"https:\/\/samlaget.no\/products\/tonje-glimmerdal\" target=\"_blank\" rel=\"noopener\"><img loading=\"lazy\" decoding=\"async\" aria-describedby=\"caption-attachment-209\" class=\"wp-image-209 size-medium\" src=\"http:\/\/home.uia.no\/stinecn\/files\/2021\/11\/TonjeGlimmerdal-233x300.jpg\" alt=\"En tegning i farger av ei jente som hopper p\u00e5 ski fra en sn\u00f8dekt bakke. Jenta har r\u00f8d bukse og r\u00f8de votter, gr\u00f8nn jakke og lilla lue. Under lua stritter r\u00f8de kr\u00f8ller til alle kanter. Vi skimter et hus i bakgrunnen, med antydning til flere hus i ei bygd enda lenger bak. I forgrunnen lengst ned til h\u00f8yre ser vi to sn\u00f8dekte grantr\u00e6r. \u00d8verst p\u00e5 bildet, midt p\u00e5, st\u00e5r forfatternavnet Maria Parr. Unger skiene til jenta i svevet st\u00e5r boktittelen Tonje Glimmerdal.\" width=\"233\" height=\"300\" srcset=\"https:\/\/home.uia.no\/stinecn\/files\/2021\/11\/TonjeGlimmerdal-233x300.jpg 233w, https:\/\/home.uia.no\/stinecn\/files\/2021\/11\/TonjeGlimmerdal.jpg 349w\" sizes=\"(max-width: 233px) 100vw, 233px\" \/><\/a><p id=\"caption-attachment-209\" class=\"wp-caption-text\">Du kan l\u00e5ne boka fra de fleste folkebibliotek, eller kj\u00f8pe den som en presang til deg selv, for eksempel fra <a href=\"https:\/\/samlaget.no\/products\/tonje-glimmerdal\" target=\"_blank\" rel=\"noopener\">Samlaget<\/a>, som utgav boka i 2009.<\/p><\/div>\n<p>Det er et s\u00e5rt tema som ligger under her: Barn som blir forlatt av en far eller mor, og det sviket det oppleves som for dem. <em>Bryr han seg ikke om meg lenger? Hva gjorde vi feil?<\/em> er tanker barna gjerne gj\u00f8r seg i slike situasjoner. De har s\u00e5 lett for \u00e5 ta p\u00e5 seg skylda for de voksnes problemer. Og mange barn kan kjenne seg igjen i det sinnet og savnet som b\u00e5de vinterferie-vennene til Tonje gir uttrykk for, og Gunnvalds voksne datter senere i boka.\u00a0Jeg tror det er bra at de sier det s\u00e5 rett fram. De gir en stemme til leserne som sitter med de samme f\u00f8lelsene selv.<\/p>\n<p>Samtidig er boka s\u00e5 klar p\u00e5 at det ikke er barnas feil. &laquo;Av barn og fulle folk skal en h\u00f8re sannheten&raquo;, som det heter:<\/p>\n<blockquote><p>&raquo; Vaksne gjer mykje dumt, Tonje, det skulle jammen eg vite, her eg sit og er full ein tysdag f\u00f8remiddag.<br \/>\nHan ristar p\u00e5 hovudet over seg sj\u00f8lv.<br \/>\n&#8211; Men det er ein viktig ting:<br \/>\nHan snur seg mot henne.<br \/>\n&#8211; <em>Det er aldri barna sin feil.<\/em> &laquo;<\/p><\/blockquote>\n<p>Og det gjentas, s\u00e5 det ikke skal v\u00e6re noen tvil.<\/p>\n<p>Men s\u00e5 ser vi samtidig at smerten og sinnet og s\u00e5rheten ikke g\u00e5r over av seg selv, bare en blir voksen.\u00a0 Det kan v\u00e6re verdt \u00e5 legge seg p\u00e5 sinne for b\u00e5de voksne og barn. Det g\u00e5r naturligvis bra til slutt. Det m\u00e5 det gj\u00f8re i en slik bok. L\u00f8sningen er \u00e5 snakke sammen &#8211; selv om det ikke er med ord. Og for en musikkelsker og felegnikker som meg (selv om jeg erkjenner at mitt niv\u00e5 p\u00e5 fela er omtrent som Tonje Glimmerdal p\u00e5 det nye trekkspillet), s\u00e5 er det jo ekstra gjevt at det er musikkens spr\u00e5k som blir b\u00e5ndet som f\u00f8rer Gunnvald og Heidi sammen igjen. (Jepp, musikken er magisk. Det visste jeg jo.)<\/p>\n<blockquote><p>&raquo; &#8211; Kva skulle du gjort utan meg, Gunnvald? sp\u00f8r Tonje ofte.<br \/>\n&#8211; D\u00e5 hadde eg grave meg ned og sj\u00f8lvdauda, svarar Gunnvald.&raquo;<\/p><\/blockquote>\n<p>Ja, det tror jeg p\u00e5.<\/p>\n<p>Fem av fem stjerner, terningkast 6, heile regla.<\/p>\n<p>Men s\u00e5 var det skj\u00e6ret i sj\u00f8en, da. Hvordan f\u00e5r vi barna til \u00e5 lese nynorske b\u00f8ker? Til og med her i Molde, som spr\u00e5klig sett ligger s\u00e5 n\u00e6rt opp til nynorsk at flere skoler i kommunen har nynorsk som oppl\u00e6ringsspr\u00e5k, er det som \u00e5 trekke tenner \u00e5 f\u00e5 barna her p\u00e5 skolen til \u00e5 ta med seg ei bok p\u00e5 nynorsk uten at det var et hendelig uhell. Hadde jeg kunnet l\u00e5ne den ut som lydbok opplest av forfatteren selv, kunne dette v\u00e6rt en sikker vinner. Maria Parr leser s\u00e5 godt. Og vi har rikelig eksponering mot dialektene fra s\u00f8rfylket*. Men har skolen lydb\u00f8ker i et format som passer dette ti\u00e5ret og dets teknologi? Nei. Nei, vi har ikke det&#8230;<\/p>\n<p>Men det f\u00e5r bli et innlegg for en annen dag.<\/p>\n<p>Dere som har lest <em>Tonje Glimmerdal<\/em> &#8211; hva syns dere var det beste med boka? Kommer dere p\u00e5 andre sterke jente-skikkelser \u00e0 la Pippi Langstr\u00f8mpe som hun kan sammenlignes med? Og ikke minst, komment\u00e9r gjerne hvordan dere ville forsert b\u00f8ygen med nynorsk for bokm\u00e5lselever.<\/p>\n<hr \/>\n<p>*) <a href=\"https:\/\/samlaget.no\/collections\/maria-parr\" target=\"_blank\" rel=\"noopener\">Maria Parr<\/a> kommer alts\u00e5 fra <a href=\"https:\/\/no.wikipedia.org\/wiki\/Vanylven\" target=\"_blank\" rel=\"noopener\">Vanylven<\/a> kommune p\u00e5 <a href=\"https:\/\/kommunekart.com\/klient\/sunnmorskart\" target=\"_blank\" rel=\"noopener\">Sunnm\u00f8re<\/a>.<\/p>\n","protected":false},"excerpt":{"rendered":"<p>Bloggoppgave. Oppgave C. &nbsp; Som sagt i forrige innlegg, s\u00e5 har jeg kost meg f\u00e6lt med Tonje Glimmerdal. S\u00e5pass at hun fortjener et eget blogginnlegg helt for seg selv. &laquo;Om du g\u00e5r av b\u00e5ten nede ved kaia, d\u00e5 kjenner du &hellip; <a href=\"https:\/\/home.uia.no\/stinecn\/2021\/11\/02\/glimmerdalens-pippi-langstrompe-svever-hoyt-og-langt\/\">Continue reading <span class=\"meta-nav\">&rarr;<\/span><\/a><\/p>\n","protected":false},"author":2716,"featured_media":0,"comment_status":"open","ping_status":"closed","sticky":false,"template":"","format":"standard","meta":{"_exactmetrics_skip_tracking":false,"_exactmetrics_sitenote_active":false,"_exactmetrics_sitenote_note":"","_exactmetrics_sitenote_category":0,"footnotes":""},"categories":[33,53],"tags":[],"_links":{"self":[{"href":"https:\/\/home.uia.no\/stinecn\/wp-json\/wp\/v2\/posts\/201"}],"collection":[{"href":"https:\/\/home.uia.no\/stinecn\/wp-json\/wp\/v2\/posts"}],"about":[{"href":"https:\/\/home.uia.no\/stinecn\/wp-json\/wp\/v2\/types\/post"}],"author":[{"embeddable":true,"href":"https:\/\/home.uia.no\/stinecn\/wp-json\/wp\/v2\/users\/2716"}],"replies":[{"embeddable":true,"href":"https:\/\/home.uia.no\/stinecn\/wp-json\/wp\/v2\/comments?post=201"}],"version-history":[{"count":10,"href":"https:\/\/home.uia.no\/stinecn\/wp-json\/wp\/v2\/posts\/201\/revisions"}],"predecessor-version":[{"id":231,"href":"https:\/\/home.uia.no\/stinecn\/wp-json\/wp\/v2\/posts\/201\/revisions\/231"}],"wp:attachment":[{"href":"https:\/\/home.uia.no\/stinecn\/wp-json\/wp\/v2\/media?parent=201"}],"wp:term":[{"taxonomy":"category","embeddable":true,"href":"https:\/\/home.uia.no\/stinecn\/wp-json\/wp\/v2\/categories?post=201"},{"taxonomy":"post_tag","embeddable":true,"href":"https:\/\/home.uia.no\/stinecn\/wp-json\/wp\/v2\/tags?post=201"}],"curies":[{"name":"wp","href":"https:\/\/api.w.org\/{rel}","templated":true}]}}