
{"id":14,"date":"2014-04-04T12:29:53","date_gmt":"2014-04-04T11:29:53","guid":{"rendered":"http:\/\/home.uia.no\/tameum11\/?p=14"},"modified":"2014-04-04T12:54:50","modified_gmt":"2014-04-04T11:54:50","slug":"hvorfor-akkurat-jeg-ville-bli-laerer","status":"publish","type":"post","link":"https:\/\/home.uia.no\/tameum11\/2014\/04\/04\/hvorfor-akkurat-jeg-ville-bli-laerer\/","title":{"rendered":"Hvorfor akkurat jeg ville bli l\u00e6rer?"},"content":{"rendered":"<p>Dette sp\u00f8rsm\u00e5let fikk jeg engang av en rektor n\u00e5r jeg var i praksis, selv om jeg vet svaret veldig godt florerer det med tusenvis av tanker i det tjukke huet mitt. Hovedgrunnene mine til at jeg ville bli l\u00e6rer er at jeg trives \u00e5 v\u00e6re med barn og unge og jeg elsker \u00e5 l\u00e6re bort kunnskap og at de l\u00e6rer av meg. For meg er dette en fantastisk f\u00f8lelse. Det h\u00f8res kanskje klisj\u00e9 ut, men det er sannheten. Gjennom min egen skolegang har jeg hatt et bredt spekter av ulike l\u00e6rere, noen som har v\u00e6rt altfor autorit\u00e6re og har favorisert de flinkeste elevene(noe som jeg aldri har v\u00e6rt) til noen som ikke har brydd seg i det hele tatt om elevene eller faget. Dette vil jeg v\u00e6re en motsetning til, jeg vil gj\u00f8re en forskjell.<\/p>\n<p>Mine visjoner for skolen er \u00e5 gi elevene utfordringer p\u00e5 deres niv\u00e5 samtidig som jeg \u00f8nsker \u00e5 gi dem mestringsf\u00f8lelse. Som S\u00f8ren Kirkegaard sa engang\u00a0<em><a href=\"http:\/\/www.ordtak.no\/index.php?fn=S%F8ren&amp;en=Kierkegaard\">&laquo;skal man hjelpe en annen, m\u00e5 man f\u00f8rst finne ut hvor individet er, og m\u00f8te individet der.<\/a>\u00a0Det er f\u00f8rste bud i all hjelpekunst&raquo;,<\/em>dette sitatet syntes jeg passer veldig godt for det er det jeg \u00f8nsker \u00e5 gjennomf\u00f8re i min undervisning, \u00e5 se hver enkeltelev for dens potensial og forutsetninger.\u00a0I den generelle delen av l\u00e6replanen st\u00e5r det ogs\u00e5 at m\u00e5let for undervisningen er\u00a0<a href=\"http:\/\/www.udir.no\/Lareplaner\/Kunnskapsloftet\/Generell-del-av-lareplanen\/Innleiing\/\"><em>&laquo;(&#8230;)<\/em>\u00a0<em>\u00e5 utvide evnene hos barn, unge og vaksne til erkjenning og oppleving, til innleving, utfalding og deltakin&raquo;<\/em><\/a>.\u00a0 I min undervisning vil jeg gi elevene rom for erkjennelse, opplevelse, utfoldelse og deltakelse etter deres forutsetninger, som matte- og musikkl\u00e6rer har jeg stort potensial for \u00e5 gjennomf\u00f8re det \u2013 og det skal jeg i fremtiden!<\/p>\n","protected":false},"excerpt":{"rendered":"<p>Dette sp\u00f8rsm\u00e5let fikk jeg engang av en rektor n\u00e5r jeg var i praksis, selv om jeg vet svaret veldig godt florerer det med tusenvis av tanker i det tjukke huet mitt. Hovedgrunnene mine til at jeg ville bli l\u00e6rer er &hellip; <a href=\"https:\/\/home.uia.no\/tameum11\/2014\/04\/04\/hvorfor-akkurat-jeg-ville-bli-laerer\/\">Les videre <span class=\"meta-nav\">&rarr;<\/span><\/a><\/p>\n","protected":false},"author":418,"featured_media":0,"comment_status":"open","ping_status":"closed","sticky":false,"template":"","format":"standard","meta":{"_exactmetrics_skip_tracking":false,"_exactmetrics_sitenote_active":false,"_exactmetrics_sitenote_note":"","_exactmetrics_sitenote_category":0,"footnotes":""},"categories":[1],"tags":[],"_links":{"self":[{"href":"https:\/\/home.uia.no\/tameum11\/wp-json\/wp\/v2\/posts\/14"}],"collection":[{"href":"https:\/\/home.uia.no\/tameum11\/wp-json\/wp\/v2\/posts"}],"about":[{"href":"https:\/\/home.uia.no\/tameum11\/wp-json\/wp\/v2\/types\/post"}],"author":[{"embeddable":true,"href":"https:\/\/home.uia.no\/tameum11\/wp-json\/wp\/v2\/users\/418"}],"replies":[{"embeddable":true,"href":"https:\/\/home.uia.no\/tameum11\/wp-json\/wp\/v2\/comments?post=14"}],"version-history":[{"count":3,"href":"https:\/\/home.uia.no\/tameum11\/wp-json\/wp\/v2\/posts\/14\/revisions"}],"predecessor-version":[{"id":16,"href":"https:\/\/home.uia.no\/tameum11\/wp-json\/wp\/v2\/posts\/14\/revisions\/16"}],"wp:attachment":[{"href":"https:\/\/home.uia.no\/tameum11\/wp-json\/wp\/v2\/media?parent=14"}],"wp:term":[{"taxonomy":"category","embeddable":true,"href":"https:\/\/home.uia.no\/tameum11\/wp-json\/wp\/v2\/categories?post=14"},{"taxonomy":"post_tag","embeddable":true,"href":"https:\/\/home.uia.no\/tameum11\/wp-json\/wp\/v2\/tags?post=14"}],"curies":[{"name":"wp","href":"https:\/\/api.w.org\/{rel}","templated":true}]}}