
{"id":7,"date":"2017-09-11T10:37:10","date_gmt":"2017-09-11T09:37:10","guid":{"rendered":"http:\/\/home.uia.no\/vivias17\/?p=7"},"modified":"2017-09-11T10:37:10","modified_gmt":"2017-09-11T09:37:10","slug":"ingen-mobiliserer-til-valgkamp-for-bokmal","status":"publish","type":"post","link":"https:\/\/home.uia.no\/vivias17\/2017\/09\/11\/ingen-mobiliserer-til-valgkamp-for-bokmal\/","title":{"rendered":"Ingen mobiliserer til valgkamp for bokm\u00e5l"},"content":{"rendered":"<p>Det er valgtider, og p\u00e5 mitt hjemsted er det 2 valgkamper som p\u00e5g\u00e5r.  Foruten \u00e5 stemme p\u00e5 hvem som skal styre landet, s\u00e5 skal vi og stemme p\u00e5 om skolen i bygda skal g\u00e5 fra \u00e5 v\u00e6re en nynorsk-skole til \u00e5 v\u00e6re en bokm\u00e5l-skole. Hva som engasjerer folk mest, er ikke lett \u00e5 si.  <\/p>\n<p>Hvorfor er det slik at en nynorsk-kommune vil at en av skolene skal bli bokm\u00e5l-skole? Jo, det handler selvf\u00f8lgelig om penger.  Denne skolen har v\u00e6rt nynorsk-skole siden den ble bygd i 1978, men n\u00e5 er det s\u00e5 mange som velger bokm\u00e5l som hovedm\u00e5l til barna sine, at nynorsk-elevene begynner \u00e5 bli dyre.  I en klasse var det bare 3 nynorsk-elever.  Da har de rett til \u00e5 v\u00e6re i gruppe i norskundervisningen siden skolen er en nynorsk-skole.  Om det blir en bokm\u00e5l-skole, vil ikke elevene ha rett p\u00e5 nynorsk som hovedm\u00e5l uten at de er minst 10 stk som \u00f8nsker det.  Her er det noen kroner \u00e5 spare for kommunen.  <\/p>\n<p>Nynorsk-folka mobiliserer.  De skriver i lokalavisa, de deler ut brosjyrer og ballonger og arrangerer kulturkveld med kjente lokalartister og selveste Sylfest Lomheim p\u00e5 talerlista.  <\/p>\n<p>Hvorfor ser vi ikke noen mobilisering hos bokm\u00e5l-folket? Betyr det ikke noe for dem hva resultatet blir ? Nei, det gj\u00f8r nok ikke det.  De har visst ikke det samme forholdet til spr\u00e5ket sitt som mange nynorsk-folk har.  <\/p>\n<p>Hva er det som gj\u00f8r at s\u00e5 mange nynorsk-folk bruker krefter p\u00e5 \u00e5 kjempe for spr\u00e5ket sitt?<br \/>\nJo, for dette har med v\u00e5r identitet \u00e5 gj\u00f8re. Dette r\u00f8rer med verdiene v\u00e5re.  Det er dette som er oss, bokm\u00e5l er \u00abde i byen\u00bb.<br \/>\nDet er mange gode grunner for \u00e5 beholde nynorsken. Den er en kulturskatt som vi m\u00e5 ta vare p\u00e5.  Den var en viktig del av det \u00e5 bli et eget land, et eget folk som har sitt eget spr\u00e5k.  Vet foreldregenerasjonen det? Er det kunnskapsmangel hos foreldrene som gj\u00f8r at de s\u00f8ker om bokm\u00e5l til barna n\u00e5r de bor i en nynorsk-kommune? <\/p>\n<p>En annen viktig ting er at dialekten til barna her er mest lik nynorsk. Om en ikke setter pris p\u00e5 nynorsk som spr\u00e5k, hva er da verdien p\u00e5 dialekten ?<br \/>\nB\u00f8r en bare kaste den og, \u00e5 begynne \u00e5 snakke bokm\u00e5l?<\/p>\n<p>Noe av norskfagets jobb er \u00e5 gi elevene selvtillit n\u00e5r det gjelder spr\u00e5k og dialekt. De som skriver nynorsk, skal vite at de skriver det spr\u00e5ket som er mest norsk av de to skriftspr\u00e5ka vi har.  At foreldrene deres valgte nynorsk for dem, er noe de b\u00f8r v\u00e6re takknemlige for. De er med \u00e5 bringe videre det norske skriftspr\u00e5ket.  Selv om de er i mindretall, s\u00e5 er det ikke dermed sagt at det er mindre verd enn bokm\u00e5l. Dette m\u00e5 nynorsk-elevene f\u00e5 et bevist forhold til.  Dette er en viktig del av deres identitet, noe de kan v\u00e6re stolte over, og ta med videre til sine barn igjen.<br \/>\nDet ville og v\u00e6rt bra om bokm\u00e5l-elevene ble bevisste p\u00e5 dette.  De m\u00e5 ikke se p\u00e5 nynorsk som et \u00abfjosm\u00e5l\u00bb.  Om de ikke vil ha det som hovedm\u00e5l selv, s\u00e5 b\u00f8r de omtale nynorsk med respekt, og sette pris p\u00e5 at andre tar vare p\u00e5 den delen av v\u00e5r kultur.  Det vil v\u00e6re med \u00e5 gi nynorsken h\u00f8yere status, noe som igjen ville v\u00e6re bra for mange nynorsk-elever sin identitet.  <\/p>\n<p>Det blir spennende \u00e5 se hvordan valget g\u00e5r for m\u00e5lforma p\u00e5 denne skolen. Vil bokm\u00e5l-folka v\u00e6re like frav\u00e6rende med stemmeurnene som de har v\u00e6rt i \u00abvalgkampen\u00bb, s\u00e5 vil det nok fortsatt bygda v\u00e5r v\u00e6re ei nynorsk-bygd.  <\/p>\n<p>Kilder : J\u00e6rbladet 28.august 2017 \u00abM\u00e5lfolket mobiliserer\u00bb<br \/>\n            Brosjyren \u00abfolkeavstemming om skolem\u00e5ltid p\u00e5 Orstad skule\u00bb<\/p>\n","protected":false},"excerpt":{"rendered":"<p>Det er valgtider, og p\u00e5 mitt hjemsted er det 2 valgkamper som p\u00e5g\u00e5r. Foruten \u00e5 stemme p\u00e5 hvem som skal styre landet, s\u00e5 skal vi og stemme p\u00e5 om skolen i bygda skal g\u00e5 fra \u00e5 v\u00e6re en nynorsk-skole til &hellip; <a href=\"https:\/\/home.uia.no\/vivias17\/2017\/09\/11\/ingen-mobiliserer-til-valgkamp-for-bokmal\/\">Les videre <span class=\"meta-nav\">&rarr;<\/span><\/a><\/p>\n","protected":false},"author":1353,"featured_media":0,"comment_status":"open","ping_status":"closed","sticky":false,"template":"","format":"standard","meta":{"_exactmetrics_skip_tracking":false,"_exactmetrics_sitenote_active":false,"_exactmetrics_sitenote_note":"","_exactmetrics_sitenote_category":0,"footnotes":""},"categories":[1],"tags":[],"_links":{"self":[{"href":"https:\/\/home.uia.no\/vivias17\/wp-json\/wp\/v2\/posts\/7"}],"collection":[{"href":"https:\/\/home.uia.no\/vivias17\/wp-json\/wp\/v2\/posts"}],"about":[{"href":"https:\/\/home.uia.no\/vivias17\/wp-json\/wp\/v2\/types\/post"}],"author":[{"embeddable":true,"href":"https:\/\/home.uia.no\/vivias17\/wp-json\/wp\/v2\/users\/1353"}],"replies":[{"embeddable":true,"href":"https:\/\/home.uia.no\/vivias17\/wp-json\/wp\/v2\/comments?post=7"}],"version-history":[{"count":10,"href":"https:\/\/home.uia.no\/vivias17\/wp-json\/wp\/v2\/posts\/7\/revisions"}],"predecessor-version":[{"id":18,"href":"https:\/\/home.uia.no\/vivias17\/wp-json\/wp\/v2\/posts\/7\/revisions\/18"}],"wp:attachment":[{"href":"https:\/\/home.uia.no\/vivias17\/wp-json\/wp\/v2\/media?parent=7"}],"wp:term":[{"taxonomy":"category","embeddable":true,"href":"https:\/\/home.uia.no\/vivias17\/wp-json\/wp\/v2\/categories?post=7"},{"taxonomy":"post_tag","embeddable":true,"href":"https:\/\/home.uia.no\/vivias17\/wp-json\/wp\/v2\/tags?post=7"}],"curies":[{"name":"wp","href":"https:\/\/api.w.org\/{rel}","templated":true}]}}